{"id":1508,"date":"2010-05-02T14:13:14","date_gmt":"2010-05-02T13:13:14","guid":{"rendered":"http:\/\/www.diaolin.com\/wordpress\/?p=1508"},"modified":"2010-09-28T15:20:31","modified_gmt":"2010-09-28T14:20:31","slug":"la-pel","status":"publish","type":"post","link":"https:\/\/www.diaolin.com\/wordpress\/?p=1508","title":{"rendered":"la p\u00e8l\u2026"},"content":{"rendered":"<h2 class=\"sub-title-primary\"><\/h2> <p>l&#8217;era &#8216;n d\u00ec de primavera col sol bas<br \/>\nche l&#8217;asi\u00e0ven dai e dai da tut l&#8217;invern<br \/>\ncon doi canti o &#8216;n orazion tegnudi a m\u00e9nt<br \/>\npar far festa col vest\u00ec cromp\u00e0 al marc\u00e0<\/p>\n<p>a smorz\u00e0rme qoel ens\u00f2ni na matina<br \/>\nme desmisia la Ton\u00e9zera a mart\u00e8l<br \/>\nl&#8217;aria gr\u00e9va a resent\u00e0r tuti i pens\u00e9ri<br \/>\nla &#8216;ngremiva le m\u00e8 g\u00e8nt e tut tas\u00e9va<\/p>\n<p>e la ci\u00f2ca la bat\u00e9va &#8216;l s\u00f2 torm\u00e9nt<br \/>\ncome &#8216;l f\u00f9sia l&#8217;angon\u00eca de tut la val<br \/>\nsol na l\u00f9m de dent &#8216;n de i \u00f2ci dei me amizi<br \/>\nco &#8216;n pens\u00e9r che giasegava a dar fest\u00ecdi<\/p>\n<p>l&#8217;\u00e0i sentuda pr\u00f2pi &#8216;nd\u00f2s, qoel d\u00ec, la n\u00f2t<br \/>\ncome &#8216;l fus na petenada che te sgr\u00ecfa<br \/>\ne neg\u00f9n che ghe da a m\u00e9nt le t\u00f2 parole<br \/>\nstrozegadi &#8216;n dei s\u00f2 cruzi a s\u00e9i ledr\u00e0r<\/p>\n<p>dr\u00e9 la g\u00e9sia s&#8217;\u00e8 &#8216;mpont\u00e0 le meridiane<br \/>\ncome &#8216;l t\u00e8mp fus sol qoel sgi\u00e0nz che mai no v\u00e8n<br \/>\ne i zir\u00e9si a domandarghe a &#8216;l v\u00e8nt rabi\u00f3s<br \/>\nde fermarse a scolt\u00e0r c\u00e8t senza &#8216;n sus\u00f9r<\/p>\n<p>qoela n\u00f2t de dent de mi scondu dr\u00e9 l&#8217;us<br \/>\ns&#8217;\u00e8 smorz\u00e0 qoel t\u00f2ch de ciel mai pales\u00e0<br \/>\nscamp\u00e0 via da sot le man, desmenteg\u00e0<br \/>\nlas\u00e0 dent &#8216;n de na reson mai desgarti\u00e0da<\/p>\n<p>ai vist g\u00e8nt &#8216;la comunion senza far festa<br \/>\na sgociarghe aqoa sant\u00e8l dai \u00f2ci mizi<br \/>\ne qo\u00e9l v\u00e8nt zidios fermarse &#8216;n tr\u00e0 le fr\u00e0one<br \/>\nt\u00e0ser dolc le s\u00f2 pasi\u00f3n fin che v\u00e8n n\u00f2t<\/p>\n<p>m&#8217;\u00e8 rest\u00e0 na spedal\u00e0da ar\u00e8nt na st\u00e9la<br \/>\ne qoel aria su la p\u00e8l che no \u00e8 sol m\u00e8a<\/p>\n<p><strong>Giuliano<\/strong><\/p>\n<p>era un giorno di primavera con il sole basso<br \/>\nlo stavamo preparando un p\u00f2 alla volta da tutto l&#8217;inverno<br \/>\ncon due canti o una preghiera ricordata a memoria<br \/>\nper fare festa con il vestito acquistato al mercato<\/p>\n<p>a spegnermi quel sonno una mattina<br \/>\nmi sveglia la Tonezzera(campana) a martello<br \/>\nl&#8217;aria greve a risciacquare tutti i pensieri<br \/>\nintirizziva la mia gente e tutto era silenzio<\/p>\n<p>e la campana rintoccava il proprio tormento<br \/>\ncome fosse l&#8217;agonia della valle intera<br \/>\nsolo un lumicino dentro gli occhi dei miei amici<br \/>\ned il pensiero che ribolliva fino a dare fastidio<\/p>\n<p>me la sono sentita addosso, quel giorno, la notte<br \/>\ncome fosse un pettine che graffia<br \/>\ncon nessuno che dia ascolto alle tue parole<br \/>\nimmerso nei propri crucci a rincalzarli<\/p>\n<p>dietro la chiesa si sono fermate le meridiane<br \/>\nquasi che il tempo fosse solo il raggio di sole che non si presenta<br \/>\ned i ciliegi che chiedevano al vento arrabbiato<br \/>\ndi fermarsi ad ascoltare in silenzio senza disturbare<\/p>\n<p>quella notte dentro di me nascosto dietro l&#8217;uscio<br \/>\nsi \u00e8 spenta quella parte di cielo mai notata<br \/>\nscappato via da sotto le mani, dimenticato,<br \/>\nabbandonato in una ragione mai pi\u00f9 chiarita<\/p>\n<p>ho visto gente in comunione senza fare festa<br \/>\ncon l&#8217;acqua santa come lacrime dagli occhi<br \/>\ned il vento accidioso fermarsi tra i vicoli<br \/>\ntacendo dolce le proprie passioni finch\u00e9 \u00e8 notte<\/p>\n<p>mi \u00e8 rimasto il ricordo di una pedalata vicino ad una stella<br \/>\ne quell&#8217;aria sulla pelle che non \u00e8 solo mia<\/p>\n<p><strong><em>Ci sono delle volte nella vita che accadono dei fatti incredibili&#8230;<br \/>\nquesto successe molti anni f\u00e0&#8230;<\/em><\/strong><\/p>\n","protected":false},"excerpt":{"rendered":"<p>l&#8217;era &#8216;n d\u00ec de primavera col sol bas che l&#8217;asi\u00e0ven dai e dai da tut l&#8217;invern con doi canti o &#8216;n orazion tegnudi a m\u00e9nt par far festa col vest\u00ec cromp\u00e0 al marc\u00e0 a smorz\u00e0rme qoel ens\u00f2ni na matina me desmisia la Ton\u00e9zera a mart\u00e8l l&#8217;aria gr\u00e9va a resent\u00e0r tuti i pens\u00e9ri la &#8216;ngremiva le &hellip; <\/p>\n<p class=\"link-more\"><a href=\"https:\/\/www.diaolin.com\/wordpress\/?p=1508\" class=\"more-link\">Leggi tutto<span class=\"screen-reader-text\"> &#8220;la p\u00e8l\u2026&#8221;<\/span><\/a><\/p>\n","protected":false},"author":5,"featured_media":0,"comment_status":"open","ping_status":"open","sticky":false,"template":"","format":"standard","meta":{"footnotes":""},"categories":[2,14,3],"tags":[],"_links":{"self":[{"href":"https:\/\/www.diaolin.com\/wordpress\/index.php?rest_route=\/wp\/v2\/posts\/1508"}],"collection":[{"href":"https:\/\/www.diaolin.com\/wordpress\/index.php?rest_route=\/wp\/v2\/posts"}],"about":[{"href":"https:\/\/www.diaolin.com\/wordpress\/index.php?rest_route=\/wp\/v2\/types\/post"}],"author":[{"embeddable":true,"href":"https:\/\/www.diaolin.com\/wordpress\/index.php?rest_route=\/wp\/v2\/users\/5"}],"replies":[{"embeddable":true,"href":"https:\/\/www.diaolin.com\/wordpress\/index.php?rest_route=%2Fwp%2Fv2%2Fcomments&post=1508"}],"version-history":[{"count":16,"href":"https:\/\/www.diaolin.com\/wordpress\/index.php?rest_route=\/wp\/v2\/posts\/1508\/revisions"}],"predecessor-version":[{"id":2027,"href":"https:\/\/www.diaolin.com\/wordpress\/index.php?rest_route=\/wp\/v2\/posts\/1508\/revisions\/2027"}],"wp:attachment":[{"href":"https:\/\/www.diaolin.com\/wordpress\/index.php?rest_route=%2Fwp%2Fv2%2Fmedia&parent=1508"}],"wp:term":[{"taxonomy":"category","embeddable":true,"href":"https:\/\/www.diaolin.com\/wordpress\/index.php?rest_route=%2Fwp%2Fv2%2Fcategories&post=1508"},{"taxonomy":"post_tag","embeddable":true,"href":"https:\/\/www.diaolin.com\/wordpress\/index.php?rest_route=%2Fwp%2Fv2%2Ftags&post=1508"}],"curies":[{"name":"wp","href":"https:\/\/api.w.org\/{rel}","templated":true}]}}