{"id":1896,"date":"2010-09-24T08:04:25","date_gmt":"2010-09-24T07:04:25","guid":{"rendered":"http:\/\/www.diaolin.com\/wordpress\/?p=1896"},"modified":"2011-06-20T08:30:01","modified_gmt":"2011-06-20T07:30:01","slug":"la-albera","status":"publish","type":"post","link":"https:\/\/www.diaolin.com\/wordpress\/?p=1896","title":{"rendered":"la bed\u00f3la\u2026"},"content":{"rendered":"<h2 class=\"sub-title-primary\"><\/h2> <p>e cr\u00f2da tute le s\u00f2 gi\u00e0lde f\u00f6ie<br \/>\nsul terzar\u00f6l, lass\u00e0 marcir sul pr\u00e0,<br \/>\ndesmenteg\u00e0 da man &#8216;nfiz\u00e0de<br \/>\nrestade, str\u00e0che, dent da l&#8217;\u00f9s<br \/>\na ci\u00f9tar f\u00f6r dai v\u00e9dri gr\u00ecsi<br \/>\nl&#8217;aot\u00f9n che slarga &#8216;l s\u00f2 linz\u00f6l<br \/>\ncolor de ci\u00e0nti de zig\u00e0ineri<br \/>\na &#8216;mpitur\u00e0r la n\u00f2ssa vita<br \/>\nde sonade e de smarl\u00f2ssi<br \/>\nma ghe s&#8217;\u00e8 crep\u00e0 &#8216;n ram<br \/>\ne l&#8217;\u00e8i restada l\u00ec sul t\u00f3mol<br \/>\ncon la s\u00f2 f\u00e8rla che ll&#8217;a\u00f9ta<br \/>\na cor\u00e9r sol en atimo de p\u00f9<br \/>\nen v\u00e8rs la fin co i s\u00f2 pens\u00e9ri<\/p>\n<p>e a mi me resta &#8216;n ment la ci\u00f2ma bionda<\/p>\n<p><strong>Giuliano<\/strong><\/p>\n<p><strong>la betulla<br \/>\n<\/strong><\/p>\n<p>cadono tutte le sue foglie gialle<br \/>\nsul settembrino, lasciato marcire sul prato,<br \/>\ndimenticato da mani raggrinzite<br \/>\nrimaste, stanche, dietro una porta<br \/>\nad occhieggiare dai vetri grigi<br \/>\nl&#8217;autunno che cala il suo lenzuolo<br \/>\ncolore dei vestiti degli zingari<br \/>\na colorare la nostra vita<br \/>\ndi suonate e serrature<br \/>\nma le si \u00e8 rotto un ramo<br \/>\ned \u00e8 rimasta l\u00ec sul dosso<br \/>\ncon la sua stampella che l&#8217;aiuta<br \/>\na correre ancora per un attimo<br \/>\nverso la fine con i propri pensieri<\/p>\n<p>ed a me resta nel cuore la bionda chioma<\/p>\n<p><em>ci sono delle cose che ad un certo punto sono impossibili da fermare&#8230;<\/em><\/p>\n","protected":false},"excerpt":{"rendered":"<p>e cr\u00f2da tute le s\u00f2 gi\u00e0lde f\u00f6ie sul terzar\u00f6l, lass\u00e0 marcir sul pr\u00e0, desmenteg\u00e0 da man &#8216;nfiz\u00e0de restade, str\u00e0che, dent da l&#8217;\u00f9s a ci\u00f9tar f\u00f6r dai v\u00e9dri gr\u00ecsi l&#8217;aot\u00f9n che slarga &#8216;l s\u00f2 linz\u00f6l color de ci\u00e0nti de zig\u00e0ineri a &#8216;mpitur\u00e0r la n\u00f2ssa vita de sonade e de smarl\u00f2ssi ma ghe s&#8217;\u00e8 crep\u00e0 &#8216;n ram &hellip; <\/p>\n<p class=\"link-more\"><a href=\"https:\/\/www.diaolin.com\/wordpress\/?p=1896\" class=\"more-link\">Leggi tutto<span class=\"screen-reader-text\"> &#8220;la bed\u00f3la\u2026&#8221;<\/span><\/a><\/p>\n","protected":false},"author":5,"featured_media":0,"comment_status":"open","ping_status":"closed","sticky":false,"template":"","format":"standard","meta":{"footnotes":""},"categories":[2,14,3],"tags":[],"_links":{"self":[{"href":"https:\/\/www.diaolin.com\/wordpress\/index.php?rest_route=\/wp\/v2\/posts\/1896"}],"collection":[{"href":"https:\/\/www.diaolin.com\/wordpress\/index.php?rest_route=\/wp\/v2\/posts"}],"about":[{"href":"https:\/\/www.diaolin.com\/wordpress\/index.php?rest_route=\/wp\/v2\/types\/post"}],"author":[{"embeddable":true,"href":"https:\/\/www.diaolin.com\/wordpress\/index.php?rest_route=\/wp\/v2\/users\/5"}],"replies":[{"embeddable":true,"href":"https:\/\/www.diaolin.com\/wordpress\/index.php?rest_route=%2Fwp%2Fv2%2Fcomments&post=1896"}],"version-history":[{"count":12,"href":"https:\/\/www.diaolin.com\/wordpress\/index.php?rest_route=\/wp\/v2\/posts\/1896\/revisions"}],"predecessor-version":[{"id":2880,"href":"https:\/\/www.diaolin.com\/wordpress\/index.php?rest_route=\/wp\/v2\/posts\/1896\/revisions\/2880"}],"wp:attachment":[{"href":"https:\/\/www.diaolin.com\/wordpress\/index.php?rest_route=%2Fwp%2Fv2%2Fmedia&parent=1896"}],"wp:term":[{"taxonomy":"category","embeddable":true,"href":"https:\/\/www.diaolin.com\/wordpress\/index.php?rest_route=%2Fwp%2Fv2%2Fcategories&post=1896"},{"taxonomy":"post_tag","embeddable":true,"href":"https:\/\/www.diaolin.com\/wordpress\/index.php?rest_route=%2Fwp%2Fv2%2Ftags&post=1896"}],"curies":[{"name":"wp","href":"https:\/\/api.w.org\/{rel}","templated":true}]}}