{"id":3168,"date":"2011-12-30T10:06:43","date_gmt":"2011-12-30T09:06:43","guid":{"rendered":"http:\/\/www.diaolin.com\/wordpress\/?p=3168"},"modified":"2013-04-10T10:48:37","modified_gmt":"2013-04-10T09:48:37","slug":"colori","status":"publish","type":"post","link":"https:\/\/www.diaolin.com\/wordpress\/?p=3168","title":{"rendered":"colori&#8230;"},"content":{"rendered":"<h2 class=\"sub-title-primary\"><\/h2> <p>p\u00e0lide pav\u00e8le<br \/>\nscond\u00f9de dent &#8216;n la caliv\u00e8rna spizegh\u00ecna<br \/>\nle se sl\u00ecssa su &#8216;l arfi\u00e0r del r\u00eco che &#8216;l b\u00f3ie<br \/>\ne &#8216;l empit\u00f9ra i s\u00f2 pens\u00e9ri sol de sgr\u00ecfi, bianchi,<br \/>\nche del\u00e9va al prim rem\u00f3r de &#8216;n sol smam\u00ec<br \/>\nciut\u00e0 spav\u00e8nt &#8216;n tr\u00e0 i \u00e0oni &#8216;ngremen\u00ecdi<\/p>\n<p>e po&#8217; le sgola<br \/>\npostandose su fili de \u00e8rba mizzi<br \/>\n&#8216;mpreson\u00e0di dent al mus-cio de respiri stofeg\u00e0di<br \/>\nsqoasi st\u00e9le de Nad\u00e0l senza la c\u00f3a<br \/>\narbandon\u00e0de l\u00ec, &#8216;n le gi\u00e0re, sora i sassi<br \/>\na spet\u00e0r n\u00f2t che se le c\u00f9nia al ci\u00e0r de luna<\/p>\n<p><strong> Giuliano<\/strong><\/p>\n<p>pallide fal\u00e8ne | nascoste nella galaverna pizzicherina | si allisciano sul sospiro del rivo che ribolle | e pittura i propri pensieri solo di graffi, bianchi, | che si sciolgono al primo grido di un sole sbiadito |\u00a0 che ha fatto capolino timidamente tra gli ontani intorpiditi | e poi volano | appoggiandosi su fili d&#8217;erba bagnati | imprigionati dentro al muschio di respiri soffocati | quasi stelle di Natale senza coda | abbandonate, tra ii ghiaioni, sopra i sassi | ad aspettare notti che se le cullino al chiaro di luna<\/p>\n","protected":false},"excerpt":{"rendered":"<p>p\u00e0lide pav\u00e8le scond\u00f9de dent &#8216;n la caliv\u00e8rna spizegh\u00ecna le se sl\u00ecssa su &#8216;l arfi\u00e0r del r\u00eco che &#8216;l b\u00f3ie e &#8216;l empit\u00f9ra i s\u00f2 pens\u00e9ri sol de sgr\u00ecfi, bianchi, che del\u00e9va al prim rem\u00f3r de &#8216;n sol smam\u00ec ciut\u00e0 spav\u00e8nt &#8216;n tr\u00e0 i \u00e0oni &#8216;ngremen\u00ecdi e po&#8217; le sgola postandose su fili de \u00e8rba mizzi &hellip; <\/p>\n<p class=\"link-more\"><a href=\"https:\/\/www.diaolin.com\/wordpress\/?p=3168\" class=\"more-link\">Leggi tutto<span class=\"screen-reader-text\"> &#8220;colori&#8230;&#8221;<\/span><\/a><\/p>\n","protected":false},"author":5,"featured_media":0,"comment_status":"open","ping_status":"open","sticky":false,"template":"","format":"standard","meta":{"footnotes":""},"categories":[2],"tags":[],"_links":{"self":[{"href":"https:\/\/www.diaolin.com\/wordpress\/index.php?rest_route=\/wp\/v2\/posts\/3168"}],"collection":[{"href":"https:\/\/www.diaolin.com\/wordpress\/index.php?rest_route=\/wp\/v2\/posts"}],"about":[{"href":"https:\/\/www.diaolin.com\/wordpress\/index.php?rest_route=\/wp\/v2\/types\/post"}],"author":[{"embeddable":true,"href":"https:\/\/www.diaolin.com\/wordpress\/index.php?rest_route=\/wp\/v2\/users\/5"}],"replies":[{"embeddable":true,"href":"https:\/\/www.diaolin.com\/wordpress\/index.php?rest_route=%2Fwp%2Fv2%2Fcomments&post=3168"}],"version-history":[{"count":6,"href":"https:\/\/www.diaolin.com\/wordpress\/index.php?rest_route=\/wp\/v2\/posts\/3168\/revisions"}],"predecessor-version":[{"id":4380,"href":"https:\/\/www.diaolin.com\/wordpress\/index.php?rest_route=\/wp\/v2\/posts\/3168\/revisions\/4380"}],"wp:attachment":[{"href":"https:\/\/www.diaolin.com\/wordpress\/index.php?rest_route=%2Fwp%2Fv2%2Fmedia&parent=3168"}],"wp:term":[{"taxonomy":"category","embeddable":true,"href":"https:\/\/www.diaolin.com\/wordpress\/index.php?rest_route=%2Fwp%2Fv2%2Fcategories&post=3168"},{"taxonomy":"post_tag","embeddable":true,"href":"https:\/\/www.diaolin.com\/wordpress\/index.php?rest_route=%2Fwp%2Fv2%2Ftags&post=3168"}],"curies":[{"name":"wp","href":"https:\/\/api.w.org\/{rel}","templated":true}]}}