{"id":336,"date":"2008-07-10T08:39:19","date_gmt":"2008-07-10T07:39:19","guid":{"rendered":"http:\/\/www.diaolin.com\/wordpress\/?p=336"},"modified":"2015-05-10T14:42:51","modified_gmt":"2015-05-10T13:42:51","slug":"la-me-mama","status":"publish","type":"post","link":"https:\/\/www.diaolin.com\/wordpress\/?p=336","title":{"rendered":"la m\u00e8 mama&#8230;"},"content":{"rendered":"<h2 class=\"sub-title-primary\"><\/h2> <p><img loading=\"lazy\" decoding=\"async\" class=\"alignright  wp-image-3582\" title=\"farfalla_L\" src=\"https:\/\/www.diaolin.com\/wordpress\/img\/\/farfalla_L.jpg\" alt=\"\" width=\"193\" height=\"152\" srcset=\"https:\/\/www.diaolin.com\/wordpress\/img\/farfalla_L.jpg 369w, https:\/\/www.diaolin.com\/wordpress\/img\/farfalla_L-300x237.jpg 300w\" sizes=\"(max-width: 193px) 100vw, 193px\" \/>gh&#8217;\u00e8 &#8216;na farfala<br \/>\nche la sgola fior en fior<br \/>\ncon quei colori<br \/>\nl&#8217;\u00e8 &#8216;n b\u00e8l pr\u00e0 de primav\u00e9ra<\/p>\n<p>p\u00f2 la se p\u00f2lsa<br \/>\npropi chi su le m\u00e8 man<br \/>\ncome careza<br \/>\nche par naser f\u00f6r dal c\u00f6r<\/p>\n<p>l&#8217;ei cossi t\u00e8ndra<br \/>\ne s\u00ec lig\u00e9ra come &#8216;n sofi<br \/>\nla bate l&#8217;ala<br \/>\ne la saluda pan pianin<\/p>\n<p>e la se posta<br \/>\nmolesina sule spale<br \/>\ncome che &#8216;l fusa la m\u00e8 mama<br \/>\n&#8216;n momentin<\/p>\n<p>la varda sora<br \/>\n&#8216;ndel silenzio de &#8216;n sus\u00f9r<br \/>\nstrengendo al c\u00f6r<br \/>\ni me&#8217; pensieri &#8216;mpasionadi<\/p>\n<p>e mi de dent<br \/>\nde dent a l&#8217;anima che sgocia<br \/>\nla sento chive<br \/>\nco&#8217; le man a braciac\u00f2l<\/p>\n<p>l&#8217;\u00e8 propi ela<br \/>\nquel sol\u00e9o r\u00e9fol de vent<br \/>\nal s\u00f2 pensier<br \/>\nmi me se &#8216;ngropa tut, subi\u00e8nt<\/p>\n<p><strong>Giuliano<\/strong><\/p>\n<p>la mia mamma&#8230;<\/p>\n<p>c&#8217;\u00e8 una farfalla che vola fiore in fiore | coi quei colori \u00e8 un bel prato di primavera | poi si riposa proprio qui, sulle mie mani | come una carezza che sembra nascere dal cuore | \u00e8 cos\u00ec fragile e, leggera come un soffio, | batte l&#8217;ala e mi saluta dolcemente | e poi si appoggia teneramente sulle spalle | quasi fosse la mia mamma per un momento | mi tiene d&#8217;occhio nel silenzio di un sospiro | stringendo al cuore i miei pensieri appassionati | ed io di dentro, dentro l&#8217;anima che lacrima, la sento qui, abbracciato dalle sue mani | \u00e8 proprio lei quel lieve refolo di vento | al suo pensiero mi stringe tutto dentro il petto<\/p>\n<p>&nbsp;<\/p>\n","protected":false},"excerpt":{"rendered":"<p>gh&#8217;&Atilde;&uml; &#8216;na farfala<br \/>\nche la sgola fior en fior<br \/>\nc&#8230;<\/p>\n","protected":false},"author":5,"featured_media":0,"comment_status":"open","ping_status":"closed","sticky":false,"template":"","format":"standard","meta":{"footnotes":""},"categories":[6],"tags":[],"_links":{"self":[{"href":"https:\/\/www.diaolin.com\/wordpress\/index.php?rest_route=\/wp\/v2\/posts\/336"}],"collection":[{"href":"https:\/\/www.diaolin.com\/wordpress\/index.php?rest_route=\/wp\/v2\/posts"}],"about":[{"href":"https:\/\/www.diaolin.com\/wordpress\/index.php?rest_route=\/wp\/v2\/types\/post"}],"author":[{"embeddable":true,"href":"https:\/\/www.diaolin.com\/wordpress\/index.php?rest_route=\/wp\/v2\/users\/5"}],"replies":[{"embeddable":true,"href":"https:\/\/www.diaolin.com\/wordpress\/index.php?rest_route=%2Fwp%2Fv2%2Fcomments&post=336"}],"version-history":[{"count":5,"href":"https:\/\/www.diaolin.com\/wordpress\/index.php?rest_route=\/wp\/v2\/posts\/336\/revisions"}],"predecessor-version":[{"id":5607,"href":"https:\/\/www.diaolin.com\/wordpress\/index.php?rest_route=\/wp\/v2\/posts\/336\/revisions\/5607"}],"wp:attachment":[{"href":"https:\/\/www.diaolin.com\/wordpress\/index.php?rest_route=%2Fwp%2Fv2%2Fmedia&parent=336"}],"wp:term":[{"taxonomy":"category","embeddable":true,"href":"https:\/\/www.diaolin.com\/wordpress\/index.php?rest_route=%2Fwp%2Fv2%2Fcategories&post=336"},{"taxonomy":"post_tag","embeddable":true,"href":"https:\/\/www.diaolin.com\/wordpress\/index.php?rest_route=%2Fwp%2Fv2%2Ftags&post=336"}],"curies":[{"name":"wp","href":"https:\/\/api.w.org\/{rel}","templated":true}]}}