{"id":6009,"date":"2016-11-15T11:14:56","date_gmt":"2016-11-15T10:14:56","guid":{"rendered":"http:\/\/www.diaolin.com\/wordpress\/?p=6009"},"modified":"2016-11-17T11:38:10","modified_gmt":"2016-11-17T10:38:10","slug":"la-clao-de-l-paradiss","status":"publish","type":"post","link":"https:\/\/www.diaolin.com\/wordpress\/?p=6009","title":{"rendered":"la cl\u00e0o de &#8216;l Paradiss"},"content":{"rendered":"<h2 class=\"sub-title-primary\"><\/h2> <div id=\"mp3jWrap_0\" class=\"mjp-s-wrapper s-graphic unsel-mjp  verdana-mjp\" style=\"font-size:14px;\"><span id=\"playpause_wrap_mp3j_0\" class=\"wrap_inline_mp3j\" style=\"font-weight:700;\"><span class=\"gfxbutton_mp3j play-mjp\" id=\"playpause_mp3j_0\" style=\"font-size:14px;\">&nbsp;&nbsp;&nbsp;&nbsp;&nbsp;<\/span>&nbsp;<span class=\"group_wrap\"><span class=\"bars_mp3j\"><span class=\"loadB_mp3j\" id=\"load_mp3j_0\"><\/span><span class=\"posbarB_mp3j\" id=\"posbar_mp3j_0\"><\/span><\/span><span class=\"T_mp3j\" id=\"T_mp3j_0\" style=\"font-size:14px;\">6009.mp3<\/span><span class=\"indi_mp3j\" style=\"font-size:9.8px;\" id=\"statusMI_0\"><\/span><\/span><\/span><\/div><span class=\"s-nosolution\" id=\"mp3j_nosolution_0\" style=\"display:none;\"><\/span><script>\nMP3jPLAYLISTS.inline_0 = [\n\t{ name: \"6009.mp3\", formats: [\"mp3\"], mp3: \"aHR0cHM6Ly93d3cuZGlhb2xpbi5jb20vd29yZHByZXNzL21wMy82MDA5Lm1wMw==\", counterpart:\"\", artist: \"\", image: \"\", imgurl: \"\" }\n];\n<\/script>\n\n<script>MP3jPLAYERS[0] = { list: MP3jPLAYLISTS.inline_0, tr:0, type:'single', lstate:'', loop:false, play_txt:'&nbsp;&nbsp;&nbsp;&nbsp;&nbsp;', pause_txt:'&nbsp;&nbsp;&nbsp;&nbsp;&nbsp;', pp_title:'', autoplay:false, download:false, vol:100, height:'' };<\/script>\n<p>mi son seg\u00f9r che &#8216;n tra i m\u00e8 mazzi<br \/>\na scarmenon &#8216;n de la me storia<br \/>\n\u00e0i dent sconduda, piciol\u00ecna,<br \/>\nla ci\u00e0o del Paradiss<br \/>\ne me nasc\u00f2rgio che l&#8217;\u00e8i l\u00ecve<br \/>\na strangoss\u00e0rme de drop\u00e0rla<br \/>\nqoanche n\u00e0sse dent de mi<br \/>\nla sg\u00e0ia berechina de na voze<br \/>\nche la me diss pan pian se son seg\u00f9r<br \/>\nse qoesta l&#8217;\u00e8 la strada, qo\u00e9la giusta<br \/>\ne ogni qoal tr\u00e0t che &#8216;mb\u00f3co qo\u00e9la anda &#8216;n vers al ciel<br \/>\nla me &#8216;mbarl\u00f9ma<br \/>\ne qo\u00e9l moment me par che la fuss viva<br \/>\nsbrigol\u00e0nt gio &#8216;n le scars\u00e8le<br \/>\ne la car\u00e9za &#8216;n t\u00f2ch de c\u00f6r<br \/>\ntegn\u00e8ndol struch a &#8216;n sn\u00f6l che sp\u00e8ta la m\u00e8 man<br \/>\ngirar, la gira,<br \/>\ns\u00e8mpro giusta,<br \/>\nma c\u00f2gno \u00f3ngerla pol\u00ecto<br \/>\nche no la f\u00e9s m\u00e0ssa sus\u00f9r<br \/>\nsqoasi ghe fuss porte de seda<br \/>\nmetude l\u00ec &#8216;n tr\u00e0 mi e &#8216;n forn\u00e8l<br \/>\nche scalda t\u00e9bi la pasi\u00f3n<\/p>\n<p><strong>Giuliano<\/strong><\/p>\n<p><strong>la chiave del paradiso<\/strong><\/p>\n<p>sono certo che tra i miei mazzi | alla rinfusa nella mia storia | c&#8217;\u00e8, nascosta in mezzo | la chiave del Paradiso | e me ne accorgo che sia l\u00ec | ad implorarmi di usarla | quando nasce dentro me | il desiderio birichino di una voce | che mi domanda delicata se sono sicuro | che questa sia la strada, quella giusta | ed ogni volta che imbocco quella direzione verso al cielo | mi abbaglia | ed in quel momento mi sembra viva | irrequieta nelle tasche | poi accarezza un po&#8217; di cuore | tenendolo stretto a una maniglia che attende la mia mano | per girare, gira, | sempre giusta | ma devo ungerla con cura | che non faccia troppo baccano | quasi le porte fossero di seta | messe l\u00ec tra di me ed una stufa | che scalda tiepidamente la passione<\/p>\n<p>P.S.: il titolo \u00e8 in noneso e non chiedetemi perch\u00e9<\/p>\n<p>&nbsp;<\/p>\n","protected":false},"excerpt":{"rendered":"<p>mi son seg\u00f9r che &#8216;n tra i m\u00e8 mazzi a scarmenon &#8216;n de la me storia \u00e0i dent sconduda, piciol\u00ecna, la ci\u00e0o del Paradiss e me nasc\u00f2rgio che l&#8217;\u00e8i l\u00ecve a strangoss\u00e0rme de drop\u00e0rla qoanche n\u00e0sse dent de mi la sg\u00e0ia berechina de na voze che la me diss pan pian se son seg\u00f9r se &hellip; <\/p>\n<p class=\"link-more\"><a href=\"https:\/\/www.diaolin.com\/wordpress\/?p=6009\" class=\"more-link\">Leggi tutto<span class=\"screen-reader-text\"> &#8220;la cl\u00e0o de &#8216;l Paradiss&#8221;<\/span><\/a><\/p>\n","protected":false},"author":5,"featured_media":0,"comment_status":"open","ping_status":"closed","sticky":false,"template":"","format":"standard","meta":{"footnotes":""},"categories":[3],"tags":[],"_links":{"self":[{"href":"https:\/\/www.diaolin.com\/wordpress\/index.php?rest_route=\/wp\/v2\/posts\/6009"}],"collection":[{"href":"https:\/\/www.diaolin.com\/wordpress\/index.php?rest_route=\/wp\/v2\/posts"}],"about":[{"href":"https:\/\/www.diaolin.com\/wordpress\/index.php?rest_route=\/wp\/v2\/types\/post"}],"author":[{"embeddable":true,"href":"https:\/\/www.diaolin.com\/wordpress\/index.php?rest_route=\/wp\/v2\/users\/5"}],"replies":[{"embeddable":true,"href":"https:\/\/www.diaolin.com\/wordpress\/index.php?rest_route=%2Fwp%2Fv2%2Fcomments&post=6009"}],"version-history":[{"count":8,"href":"https:\/\/www.diaolin.com\/wordpress\/index.php?rest_route=\/wp\/v2\/posts\/6009\/revisions"}],"predecessor-version":[{"id":6018,"href":"https:\/\/www.diaolin.com\/wordpress\/index.php?rest_route=\/wp\/v2\/posts\/6009\/revisions\/6018"}],"wp:attachment":[{"href":"https:\/\/www.diaolin.com\/wordpress\/index.php?rest_route=%2Fwp%2Fv2%2Fmedia&parent=6009"}],"wp:term":[{"taxonomy":"category","embeddable":true,"href":"https:\/\/www.diaolin.com\/wordpress\/index.php?rest_route=%2Fwp%2Fv2%2Fcategories&post=6009"},{"taxonomy":"post_tag","embeddable":true,"href":"https:\/\/www.diaolin.com\/wordpress\/index.php?rest_route=%2Fwp%2Fv2%2Ftags&post=6009"}],"curies":[{"name":"wp","href":"https:\/\/api.w.org\/{rel}","templated":true}]}}