{"id":6421,"date":"2018-10-20T12:35:34","date_gmt":"2018-10-20T11:35:34","guid":{"rendered":"http:\/\/www.diaolin.com\/wordpress\/?p=6421"},"modified":"2018-10-20T13:36:11","modified_gmt":"2018-10-20T12:36:11","slug":"al-voto","status":"publish","type":"post","link":"https:\/\/www.diaolin.com\/wordpress\/?p=6421","title":{"rendered":"al voto&#8230;"},"content":{"rendered":"<h2 class=\"sub-title-primary\"><\/h2> <p>se &#8216;mp\u00ecza la val de colori de aot\u00f9n<br \/>\npit\u00f9re sui sgr\u00e8beni \u00f3nti dal ciel<br \/>\nche &#8216;l gi\u00e0sega c\u00e8t doi careze de ist\u00e0<br \/>\nentant che remb\u00f3mba spav\u00e8nti de ics<\/p>\n<p>valguni &#8216;l cal\u00f9ma desgrazie e tregende<br \/>\ni ne \u00e0ngora n\u00f2t che le sqoerger\u00e0 &#8216;l sol<br \/>\n&#8216;l Lav\u00ecs el cap\u00ecna roncando &#8216;n silenzio<br \/>\ne pit\u00f3ri entrombadi i fa i \u00e0seni al scur<\/p>\n<p>l&#8217;\u00e8 s-gianzi de boschi e parole de g\u00e8nt<br \/>\npogi\u00e0de su &#8216;n t\u00f3 che &#8216;l p\u00ecca sinz\u00e9ro<br \/>\nne resta na cros da &#8216;mprim\u00e0r sora &#8216;n f\u00f2li<br \/>\nna cr\u00e0iz de speranze, desid\u00e8ri de viver<\/p>\n<p>lontan na campana la b\u00e0te da \u00f2bit<br \/>\nla m\u00ecza la sera de &#8216;l cant de la n\u00f2t<\/p>\n<p><strong>Giuliano<\/strong><\/p>\n<p><strong>al voto&#8230;<\/strong><\/p>\n<p>si accende la valle di colori d&#8217;autunno | dipinti sugli arsi dirupi unti dal cielo | che fumiga dolce due carezze d&#8217;estate | e intanto rimbombano terremoti di ics | qualcuno intravede disgrazie e tregenda | e ci augura notti che spengano il sole | l&#8217;Avisio cammina e borbotta in silenzio | e imbianchini ubriachi, vigliaccate nel buio | sono sprazzi di boschi e parole di gente | appoggiate a una china che pende sincera | ci resta una croce da imprimere su un foglio | portantina di speranze e desideri di vita | lontano una campana ci parla di morte | infradicia la sera del canto della notte<\/p>\n<p>&nbsp;<\/p>\n<p><em>Con la speranza di essere migliori di quanto diamo!<\/em><\/p>\n","protected":false},"excerpt":{"rendered":"<p>se &#8216;mp\u00ecza la val de colori de aot\u00f9n pit\u00f9re sui sgr\u00e8beni \u00f3nti dal ciel che &#8216;l gi\u00e0sega c\u00e8t doi careze de ist\u00e0 entant che remb\u00f3mba spav\u00e8nti de ics valguni &#8216;l cal\u00f9ma desgrazie e tregende i ne \u00e0ngora n\u00f2t che le sqoerger\u00e0 &#8216;l sol &#8216;l Lav\u00ecs el cap\u00ecna roncando &#8216;n silenzio e pit\u00f3ri entrombadi i fa &hellip; <\/p>\n<p class=\"link-more\"><a href=\"https:\/\/www.diaolin.com\/wordpress\/?p=6421\" class=\"more-link\">Leggi tutto<span class=\"screen-reader-text\"> &#8220;al voto&#8230;&#8221;<\/span><\/a><\/p>\n","protected":false},"author":5,"featured_media":6423,"comment_status":"open","ping_status":"closed","sticky":false,"template":"","format":"standard","meta":{"footnotes":""},"categories":[3],"tags":[],"_links":{"self":[{"href":"https:\/\/www.diaolin.com\/wordpress\/index.php?rest_route=\/wp\/v2\/posts\/6421"}],"collection":[{"href":"https:\/\/www.diaolin.com\/wordpress\/index.php?rest_route=\/wp\/v2\/posts"}],"about":[{"href":"https:\/\/www.diaolin.com\/wordpress\/index.php?rest_route=\/wp\/v2\/types\/post"}],"author":[{"embeddable":true,"href":"https:\/\/www.diaolin.com\/wordpress\/index.php?rest_route=\/wp\/v2\/users\/5"}],"replies":[{"embeddable":true,"href":"https:\/\/www.diaolin.com\/wordpress\/index.php?rest_route=%2Fwp%2Fv2%2Fcomments&post=6421"}],"version-history":[{"count":2,"href":"https:\/\/www.diaolin.com\/wordpress\/index.php?rest_route=\/wp\/v2\/posts\/6421\/revisions"}],"predecessor-version":[{"id":6424,"href":"https:\/\/www.diaolin.com\/wordpress\/index.php?rest_route=\/wp\/v2\/posts\/6421\/revisions\/6424"}],"wp:featuredmedia":[{"embeddable":true,"href":"https:\/\/www.diaolin.com\/wordpress\/index.php?rest_route=\/wp\/v2\/media\/6423"}],"wp:attachment":[{"href":"https:\/\/www.diaolin.com\/wordpress\/index.php?rest_route=%2Fwp%2Fv2%2Fmedia&parent=6421"}],"wp:term":[{"taxonomy":"category","embeddable":true,"href":"https:\/\/www.diaolin.com\/wordpress\/index.php?rest_route=%2Fwp%2Fv2%2Fcategories&post=6421"},{"taxonomy":"post_tag","embeddable":true,"href":"https:\/\/www.diaolin.com\/wordpress\/index.php?rest_route=%2Fwp%2Fv2%2Ftags&post=6421"}],"curies":[{"name":"wp","href":"https:\/\/api.w.org\/{rel}","templated":true}]}}