{"id":7235,"date":"2023-02-15T11:17:13","date_gmt":"2023-02-15T10:17:13","guid":{"rendered":"https:\/\/www.diaolin.com\/wordpress\/?p=7235"},"modified":"2023-02-15T11:51:14","modified_gmt":"2023-02-15T10:51:14","slug":"canchen-nr-38","status":"publish","type":"post","link":"https:\/\/www.diaolin.com\/wordpress\/?p=7235","title":{"rendered":"Canchen nr. 38"},"content":{"rendered":"<h2 class=\"sub-title-primary\"><\/h2> <p>Se, sul fil de la res\u00f3n,<br \/>\nanca &#8216;l b\u00f2n che \u00e0s en la m\u00e9nt<br \/>\nel sconfi\u00f3na coi prinz\u00ecpi<br \/>\ne &#8216;l cast\u00e8l l&#8217;\u00e8 malta &#8216;n paia<br \/>\nno gh&#8217;\u00e8 t\u00f3pe par rep\u00e8z<br \/>\nche lo faga star en p\u00e8,<\/p>\n<p>forsi &#8216;l t\u00e8mp de sofi\u00e0r polver<br \/>\ngi\u00f3 dal libro dei rec\u00f2rdi<br \/>\nel te p\u00f6l aid\u00e0r a veder<br \/>\nche se c\u00f2n voltar el f\u00f2li<br \/>\ne ciap\u00e0r la g\u00e8nt par man<br \/>\ntuti &#8216;ns\u00e8ma su na t\u00e0ola<\/p>\n<p>struchi fissi ent\u00f3rn al t\u00f2rt<\/p>\n<p>&nbsp;<\/p>\n<p><em><strong>Cardine nr. 38<\/strong><\/em><\/p>\n<p><em>Se, sul filo della ragione, <\/em><br \/>\n<em>le cose buone che hai nel cuore<\/em><br \/>\n<em>fanno a pugni coi principi<\/em><br \/>\n<em>ed il castello \u00e8 cartapesta<\/em><br \/>\n<em>non lo salvi coi rammendi<\/em><br \/>\n<em>per tenerlo in piedi, vivo<\/em><\/p>\n<p><em>forse il tempo di togliere la polvere<\/em><br \/>\n<em>dal libro delle certezze<\/em><br \/>\n<em>pu\u00f2 aiutarti a comprendere <\/em><br \/>\n<em>che bisogna chiudere il giornale <\/em><br \/>\n<em>e prendere per mano le persone<\/em><br \/>\n<em>tutti quanti attorno a un tavolo<\/em><\/p>\n<p><em>Abbracci\u00e0ti assieme al torto<\/em><\/p>\n<p>&nbsp;<\/p>\n","protected":false},"excerpt":{"rendered":"<p>Se, sul fil de la res\u00f3n, anca &#8216;l b\u00f2n che \u00e0s en la m\u00e9nt el sconfi\u00f3na coi prinz\u00ecpi e &#8216;l cast\u00e8l l&#8217;\u00e8 malta &#8216;n paia no gh&#8217;\u00e8 t\u00f3pe par rep\u00e8z che lo faga star en p\u00e8, forsi &#8216;l t\u00e8mp de sofi\u00e0r polver gi\u00f3 dal libro dei rec\u00f2rdi el te p\u00f6l aid\u00e0r a veder che se &hellip; <\/p>\n<p class=\"link-more\"><a href=\"https:\/\/www.diaolin.com\/wordpress\/?p=7235\" class=\"more-link\">Leggi tutto<span class=\"screen-reader-text\"> &#8220;Canchen nr. 38&#8221;<\/span><\/a><\/p>\n","protected":false},"author":5,"featured_media":7238,"comment_status":"open","ping_status":"closed","sticky":false,"template":"","format":"standard","meta":{"footnotes":""},"categories":[41,3],"tags":[],"_links":{"self":[{"href":"https:\/\/www.diaolin.com\/wordpress\/index.php?rest_route=\/wp\/v2\/posts\/7235"}],"collection":[{"href":"https:\/\/www.diaolin.com\/wordpress\/index.php?rest_route=\/wp\/v2\/posts"}],"about":[{"href":"https:\/\/www.diaolin.com\/wordpress\/index.php?rest_route=\/wp\/v2\/types\/post"}],"author":[{"embeddable":true,"href":"https:\/\/www.diaolin.com\/wordpress\/index.php?rest_route=\/wp\/v2\/users\/5"}],"replies":[{"embeddable":true,"href":"https:\/\/www.diaolin.com\/wordpress\/index.php?rest_route=%2Fwp%2Fv2%2Fcomments&post=7235"}],"version-history":[{"count":3,"href":"https:\/\/www.diaolin.com\/wordpress\/index.php?rest_route=\/wp\/v2\/posts\/7235\/revisions"}],"predecessor-version":[{"id":7241,"href":"https:\/\/www.diaolin.com\/wordpress\/index.php?rest_route=\/wp\/v2\/posts\/7235\/revisions\/7241"}],"wp:featuredmedia":[{"embeddable":true,"href":"https:\/\/www.diaolin.com\/wordpress\/index.php?rest_route=\/wp\/v2\/media\/7238"}],"wp:attachment":[{"href":"https:\/\/www.diaolin.com\/wordpress\/index.php?rest_route=%2Fwp%2Fv2%2Fmedia&parent=7235"}],"wp:term":[{"taxonomy":"category","embeddable":true,"href":"https:\/\/www.diaolin.com\/wordpress\/index.php?rest_route=%2Fwp%2Fv2%2Fcategories&post=7235"},{"taxonomy":"post_tag","embeddable":true,"href":"https:\/\/www.diaolin.com\/wordpress\/index.php?rest_route=%2Fwp%2Fv2%2Ftags&post=7235"}],"curies":[{"name":"wp","href":"https:\/\/api.w.org\/{rel}","templated":true}]}}