{"id":7529,"date":"2024-01-06T20:57:19","date_gmt":"2024-01-06T19:57:19","guid":{"rendered":"https:\/\/www.diaolin.com\/wordpress\/?p=7529"},"modified":"2024-01-07T11:35:37","modified_gmt":"2024-01-07T10:35:37","slug":"croda-la-not","status":"publish","type":"post","link":"https:\/\/www.diaolin.com\/wordpress\/?p=7529","title":{"rendered":"Cr\u00f2da la n\u00f2t&#8230;"},"content":{"rendered":"<h2 class=\"sub-title-primary\"><\/h2> <p>Su le zime &#8216;mbrum\u00e0de, sluseg\u00f3ri de n\u00e9o,<br \/>\ncr\u00f2da c\u00e8ta la n\u00f2t, desperada, sui t\u00f3vi scondudi<br \/>\nl&#8217;\u00e8 penseri de amor<br \/>\nche i se perde &#8216;n le f\u00eczze del str\u00f2ff<br \/>\ne la luna che ci\u00f9ta la gi\u00e0sega muta qoel sgi\u00e0nz<br \/>\nscain\u00e0 dal me cagn che se &#8216;ns\u00f2gna<br \/>\nti me restes ves\u00ecna co le man su le galte<br \/>\ne i t\u00f6i \u00f2ci, doi brase, che i me &#8216;nstrada sul t\u00f3<br \/>\ni \u00e8 &#8216;l color empiz\u00e0 su la n\u00f2t greva e scura<br \/>\nla se rudola straca, la sera, malfidenta<br \/>\nma &#8216;l t\u00f2 c\u00f6r bate &#8216;l b\u00f2t chi col m\u00e8<\/p>\n<p><strong>Giuliano<\/strong><\/p>\n<p><strong>Cade la notte&#8230;<\/strong><\/p>\n<p>Sulle cime brumose dei monti, luccicore di neve | cade, silenziosa, la notte, disperata, sulle ripe nascoste | sono scorci d&#8217;amore | e si perdono nelle pieghe del buio | e la luna che sbircia, brace muta, | nasconde\u00a0 il suo raggio ululato dal mio cane che sogna | tu rimani qui accanto con le mani sulle guance | e i tuoi occhi, due braci, luci certe sul precipizio | sono accesi colori sulla greve e scura notte | si rovescia pi\u00f9 stanca, diffidente, la sera | ma il tuo cuore rintocca sul mio<\/p>\n","protected":false},"excerpt":{"rendered":"<p>Su le zime &#8216;mbrum\u00e0de, sluseg\u00f3ri de n\u00e9o, cr\u00f2da c\u00e8ta la n\u00f2t, desperada, sui t\u00f3vi scondudi l&#8217;\u00e8 penseri de amor che i se perde &#8216;n le f\u00eczze del str\u00f2ff e la luna che ci\u00f9ta la gi\u00e0sega muta qoel sgi\u00e0nz scain\u00e0 dal me cagn che se &#8216;ns\u00f2gna ti me restes ves\u00ecna co le man su le galte &hellip; <\/p>\n<p class=\"link-more\"><a href=\"https:\/\/www.diaolin.com\/wordpress\/?p=7529\" class=\"more-link\">Leggi tutto<span class=\"screen-reader-text\"> &#8220;Cr\u00f2da la n\u00f2t&#8230;&#8221;<\/span><\/a><\/p>\n","protected":false},"author":5,"featured_media":7530,"comment_status":"open","ping_status":"closed","sticky":false,"template":"","format":"standard","meta":{"footnotes":""},"categories":[3],"tags":[],"_links":{"self":[{"href":"https:\/\/www.diaolin.com\/wordpress\/index.php?rest_route=\/wp\/v2\/posts\/7529"}],"collection":[{"href":"https:\/\/www.diaolin.com\/wordpress\/index.php?rest_route=\/wp\/v2\/posts"}],"about":[{"href":"https:\/\/www.diaolin.com\/wordpress\/index.php?rest_route=\/wp\/v2\/types\/post"}],"author":[{"embeddable":true,"href":"https:\/\/www.diaolin.com\/wordpress\/index.php?rest_route=\/wp\/v2\/users\/5"}],"replies":[{"embeddable":true,"href":"https:\/\/www.diaolin.com\/wordpress\/index.php?rest_route=%2Fwp%2Fv2%2Fcomments&post=7529"}],"version-history":[{"count":4,"href":"https:\/\/www.diaolin.com\/wordpress\/index.php?rest_route=\/wp\/v2\/posts\/7529\/revisions"}],"predecessor-version":[{"id":7537,"href":"https:\/\/www.diaolin.com\/wordpress\/index.php?rest_route=\/wp\/v2\/posts\/7529\/revisions\/7537"}],"wp:featuredmedia":[{"embeddable":true,"href":"https:\/\/www.diaolin.com\/wordpress\/index.php?rest_route=\/wp\/v2\/media\/7530"}],"wp:attachment":[{"href":"https:\/\/www.diaolin.com\/wordpress\/index.php?rest_route=%2Fwp%2Fv2%2Fmedia&parent=7529"}],"wp:term":[{"taxonomy":"category","embeddable":true,"href":"https:\/\/www.diaolin.com\/wordpress\/index.php?rest_route=%2Fwp%2Fv2%2Fcategories&post=7529"},{"taxonomy":"post_tag","embeddable":true,"href":"https:\/\/www.diaolin.com\/wordpress\/index.php?rest_route=%2Fwp%2Fv2%2Ftags&post=7529"}],"curies":[{"name":"wp","href":"https:\/\/api.w.org\/{rel}","templated":true}]}}