{"id":7621,"date":"2024-10-15T21:20:54","date_gmt":"2024-10-15T20:20:54","guid":{"rendered":"https:\/\/www.diaolin.com\/wordpress\/?p=7621"},"modified":"2025-03-14T11:23:15","modified_gmt":"2025-03-14T10:23:15","slug":"e-s-ciao","status":"publish","type":"post","link":"https:\/\/www.diaolin.com\/wordpress\/?p=7621","title":{"rendered":"E s-ciao&#8230;"},"content":{"rendered":"<h2 class=\"sub-title-primary\"><\/h2> <p>\u00c8s ti a cuci\u00e0r el sn\u00f6l de la me porta?<br \/>\nMe fas vegnir en sgr\u00ecsol &#8216;n tra le c\u00f2ste<br \/>\nqoanche ti te pal\u00e9ses v\u00e9ra dr\u00e9 al canton<br \/>\nche mi no v\u00f6i volt\u00e0r par sudizi\u00f3n<br \/>\no par v\u00f6ia zev\u00ecla de scamparte<br \/>\nl&#8217;\u00e8 tuta la me storia che &#8216;ncad\u00e9na<br \/>\ni m\u00e8 strang\u00f3ssi al corer del m\u00e8 nar<br \/>\nc\u00f2ntra qo\u00e9l v\u00e8nt de tramontana<br \/>\nche sp\u00e9nge e mai no &#8216;l z\u00e9de<br \/>\nMa dimelo dalb\u00f2n qoel che te par de far<br \/>\nti che no es b\u00f2na nianca de ru\u00e0rla la t\u00f2 storia<br \/>\ne strozeghes i ens\u00f2gni de le g\u00e8nt<br \/>\nsui tovi f\u00f3ndi de la m\u00f2rt, sen\u00e8stra<br \/>\nE qoel t\u00f2 cruzi scond\u00f9 via:<br \/>\nte t\u00f6s dr\u00e9 tuti ma ti no gates p\u00e0ze<\/p>\n<p><strong>Giuliano<\/strong><\/p>\n<p><strong>Storia finita&#8230;<\/strong><\/p>\n<p>Sei tu che insisti al pomolo della mia porta? | Mi fai venire un brivido sulla pelle | quando ti presenti vera dietro quell&#8217;angolo | che non voglio voltare per rispetto alla vita | o per la voglia intensa di sfuggirti | \u00e8 tutta quella storia che incatena | le mie pene al correre del mio tempo |\u00a0 contro quel vento di tramontana | che spinge e mai si stanca | Ma dimmelo davvero quel che hai in mente | tu che non sai finirla la tua storia | e trascini tutti i sogni della gente | nei bui pertugi della morte, scomoda| E quel tuo cruccio che nascondi: | attiri tutti nelle tue spire ma tu non trovi pace<\/p>\n","protected":false},"excerpt":{"rendered":"<p>\u00c8s ti a cuci\u00e0r el sn\u00f6l de la me porta? Me fas vegnir en sgr\u00ecsol &#8216;n tra le c\u00f2ste qoanche ti te pal\u00e9ses v\u00e9ra dr\u00e9 al canton che mi no v\u00f6i volt\u00e0r par sudizi\u00f3n o par v\u00f6ia zev\u00ecla de scamparte l&#8217;\u00e8 tuta la me storia che &#8216;ncad\u00e9na i m\u00e8 strang\u00f3ssi al corer del m\u00e8 nar &hellip; <\/p>\n<p class=\"link-more\"><a href=\"https:\/\/www.diaolin.com\/wordpress\/?p=7621\" class=\"more-link\">Leggi tutto<span class=\"screen-reader-text\"> &#8220;E s-ciao&#8230;&#8221;<\/span><\/a><\/p>\n","protected":false},"author":5,"featured_media":7622,"comment_status":"open","ping_status":"closed","sticky":false,"template":"","format":"standard","meta":{"footnotes":""},"categories":[50,3],"tags":[],"_links":{"self":[{"href":"https:\/\/www.diaolin.com\/wordpress\/index.php?rest_route=\/wp\/v2\/posts\/7621"}],"collection":[{"href":"https:\/\/www.diaolin.com\/wordpress\/index.php?rest_route=\/wp\/v2\/posts"}],"about":[{"href":"https:\/\/www.diaolin.com\/wordpress\/index.php?rest_route=\/wp\/v2\/types\/post"}],"author":[{"embeddable":true,"href":"https:\/\/www.diaolin.com\/wordpress\/index.php?rest_route=\/wp\/v2\/users\/5"}],"replies":[{"embeddable":true,"href":"https:\/\/www.diaolin.com\/wordpress\/index.php?rest_route=%2Fwp%2Fv2%2Fcomments&post=7621"}],"version-history":[{"count":6,"href":"https:\/\/www.diaolin.com\/wordpress\/index.php?rest_route=\/wp\/v2\/posts\/7621\/revisions"}],"predecessor-version":[{"id":7625,"href":"https:\/\/www.diaolin.com\/wordpress\/index.php?rest_route=\/wp\/v2\/posts\/7621\/revisions\/7625"}],"wp:featuredmedia":[{"embeddable":true,"href":"https:\/\/www.diaolin.com\/wordpress\/index.php?rest_route=\/wp\/v2\/media\/7622"}],"wp:attachment":[{"href":"https:\/\/www.diaolin.com\/wordpress\/index.php?rest_route=%2Fwp%2Fv2%2Fmedia&parent=7621"}],"wp:term":[{"taxonomy":"category","embeddable":true,"href":"https:\/\/www.diaolin.com\/wordpress\/index.php?rest_route=%2Fwp%2Fv2%2Fcategories&post=7621"},{"taxonomy":"post_tag","embeddable":true,"href":"https:\/\/www.diaolin.com\/wordpress\/index.php?rest_route=%2Fwp%2Fv2%2Ftags&post=7621"}],"curies":[{"name":"wp","href":"https:\/\/api.w.org\/{rel}","templated":true}]}}