{"id":7880,"date":"2025-04-09T17:12:23","date_gmt":"2025-04-09T16:12:23","guid":{"rendered":"https:\/\/www.diaolin.com\/wordpress\/?p=7880"},"modified":"2025-04-09T18:57:34","modified_gmt":"2025-04-09T17:57:34","slug":"calmo-tiepido","status":"publish","type":"post","link":"https:\/\/www.diaolin.com\/wordpress\/?p=7880","title":{"rendered":"Calmo, tiepido&#8230;"},"content":{"rendered":"<h2 class=\"sub-title-primary\"><\/h2> <p>Su le r\u00f2ste del me viver<br \/>\nda la man del t\u00f2rt p\u00f9 m\u00e0rcc<br \/>\nsent\u00e0 gi\u00f3 su le s\u00f2 sl\u00f2iche<br \/>\ngh&#8217;\u00e8 l\u00ec un, n\u00f3 &#8216;l ghe &#8216;n inv\u00e9de<br \/>\nche ronc\u00e0r su le s\u00f2 cr\u00f3ss<br \/>\n&#8216;l lo &#8216;ncad\u00e9na str\u00f9ch a i p\u00e8i<br \/>\n&#8216;nmaneg\u00e0 a le s\u00f2 credenze<br \/>\nsenza cruzzi n\u00e9 red\u00e8ntio<\/p>\n<p>Mi ghe c\u00f2nto la me&#8217; storia<br \/>\nsconfonduda &#8216;n t\u00e9 &#8216;l s\u00f2 dir<br \/>\nma &#8216;l me l\u00e0ssa stormen\u00ec<br \/>\nda &#8216;l s\u00f2 t\u00e0ser moteg\u00e0<br \/>\nciacer\u00e0n su de formighe<br \/>\nse &#8216;mpien\u00ecss le b\u00f3che \u00f3nte<br \/>\ntut par no parlar de gu\u00e8ra<br \/>\nde put\u00e0ti m\u00f2rti cr\u00f9i<\/p>\n<p>resta &#8216;l cant de &#8216;n agol\u00ecn<br \/>\na &#8216;nton\u00e0r, tarda, na r\u00e8chia<\/p>\n<p><strong>Giuliano<\/strong><\/p>\n<p><strong>Calmo, tiepido&#8230;<\/strong><\/p>\n<p>sulle rive del mio fiume | dalla parte del torto, marcio | \u00e8 seduto sulle parole | un tipo, un matto, non capisce | che attardarsi sulle croci | \u00e8 legarsi i piedi ai ferri\u00a0 |\u00a0 avvinghiato alle\u00a0 credenze | senza crucci o redenzione | Gli racconto la mia storia | si confonde alle sue chiacchiere | e mi lascia qui, interdetto |\u00a0 al suo silenzio, brontolone |\u00a0 poi parliamo di formiche | per riempire sogni vuoti | per non raccontare guerre | di bambini morti giovani | resta il canto di un falchetto | a intonare, tardo, un requiem<\/p>\n<p>&nbsp;<\/p>\n<p><em><strong>Musica: Valse triste op. 44 &#8211; Jean Sibelius<\/strong><\/em><\/p>\n","protected":false},"excerpt":{"rendered":"<p>Su le r\u00f2ste del me viver da la man del t\u00f2rt p\u00f9 m\u00e0rcc sent\u00e0 gi\u00f3 su le s\u00f2 sl\u00f2iche gh&#8217;\u00e8 l\u00ec un, n\u00f3 &#8216;l ghe &#8216;n inv\u00e9de che ronc\u00e0r su le s\u00f2 cr\u00f3ss &#8216;l lo &#8216;ncad\u00e9na str\u00f9ch a i p\u00e8i &#8216;nmaneg\u00e0 a le s\u00f2 credenze senza cruzzi n\u00e9 red\u00e8ntio Mi ghe c\u00f2nto la me&#8217; storia &hellip; <\/p>\n<p class=\"link-more\"><a href=\"https:\/\/www.diaolin.com\/wordpress\/?p=7880\" class=\"more-link\">Leggi tutto<span class=\"screen-reader-text\"> &#8220;Calmo, tiepido&#8230;&#8221;<\/span><\/a><\/p>\n","protected":false},"author":5,"featured_media":7882,"comment_status":"open","ping_status":"closed","sticky":false,"template":"","format":"standard","meta":{"footnotes":""},"categories":[2,51,3],"tags":[],"_links":{"self":[{"href":"https:\/\/www.diaolin.com\/wordpress\/index.php?rest_route=\/wp\/v2\/posts\/7880"}],"collection":[{"href":"https:\/\/www.diaolin.com\/wordpress\/index.php?rest_route=\/wp\/v2\/posts"}],"about":[{"href":"https:\/\/www.diaolin.com\/wordpress\/index.php?rest_route=\/wp\/v2\/types\/post"}],"author":[{"embeddable":true,"href":"https:\/\/www.diaolin.com\/wordpress\/index.php?rest_route=\/wp\/v2\/users\/5"}],"replies":[{"embeddable":true,"href":"https:\/\/www.diaolin.com\/wordpress\/index.php?rest_route=%2Fwp%2Fv2%2Fcomments&post=7880"}],"version-history":[{"count":6,"href":"https:\/\/www.diaolin.com\/wordpress\/index.php?rest_route=\/wp\/v2\/posts\/7880\/revisions"}],"predecessor-version":[{"id":7888,"href":"https:\/\/www.diaolin.com\/wordpress\/index.php?rest_route=\/wp\/v2\/posts\/7880\/revisions\/7888"}],"wp:featuredmedia":[{"embeddable":true,"href":"https:\/\/www.diaolin.com\/wordpress\/index.php?rest_route=\/wp\/v2\/media\/7882"}],"wp:attachment":[{"href":"https:\/\/www.diaolin.com\/wordpress\/index.php?rest_route=%2Fwp%2Fv2%2Fmedia&parent=7880"}],"wp:term":[{"taxonomy":"category","embeddable":true,"href":"https:\/\/www.diaolin.com\/wordpress\/index.php?rest_route=%2Fwp%2Fv2%2Fcategories&post=7880"},{"taxonomy":"post_tag","embeddable":true,"href":"https:\/\/www.diaolin.com\/wordpress\/index.php?rest_route=%2Fwp%2Fv2%2Ftags&post=7880"}],"curies":[{"name":"wp","href":"https:\/\/api.w.org\/{rel}","templated":true}]}}