{"id":8179,"date":"2026-01-25T10:59:43","date_gmt":"2026-01-25T09:59:43","guid":{"rendered":"https:\/\/www.diaolin.com\/wordpress\/?p=8179"},"modified":"2026-01-25T11:33:45","modified_gmt":"2026-01-25T10:33:45","slug":"cendro-2","status":"publish","type":"post","link":"https:\/\/www.diaolin.com\/wordpress\/?p=8179","title":{"rendered":"c\u00e9ndro&#8230;"},"content":{"rendered":"<h2 class=\"sub-title-primary\"><\/h2> <p>l&#8217;\u00e8i c\u00e9ndro la som\u00e9nza del m\u00e8 \u00e8sser<br \/>\nla sporcher\u00e0 de r\u00e0za tut la val<br \/>\nlassando sol la n\u00f2t a darghe c\u00f2ntra<br \/>\nse p\u00f2 se smorzer\u00e0 na luna muta<\/p>\n<p>la se scarmener\u00e0 su i pr\u00e0di \u00e0rsi<br \/>\ncome la n\u00e9o che sbianca le contrade<br \/>\npav\u00e8la gr\u00ecsa sora i qo\u00e8rti \u00e9rti<br \/>\nna gr\u00f2la a cig\u00e0r fiss le s\u00f2 res\u00f3n<\/p>\n<p>no la se &#8216;ncarna p\u00f9 la sgeva negra<br \/>\nl&#8217;\u00e8i s\u00e9sser, la fa strade a sbrindolon<br \/>\npan pian la sfanta r\u00f9stega su i cr\u00f2zzi<br \/>\nrester\u00e0 &#8216;n segn pogi\u00e0 dal v\u00e8nt zidios<\/p>\n<p>l&#8217;\u00e8i cendro la som\u00e9nza del m\u00e8 mi<\/p>\n<p><strong>Giuliano<\/strong><\/p>\n<p><strong>cenere&#8230;<\/strong><\/p>\n<p>\u00c8 cenere la semente che io spargo | e sporcher\u00e0, fuliggine, la valle | lasciando sia la notte ad occultarla | col palo muto di una luna spenta | si sparger\u00e0 sui prati inariditi | come la neve imbianca le contrade | farfalla cupa sopra i tetti acclivi | un corvo nero invade i miei pensieri | non torna pi\u00f9 la sverza nera, buia | sembra una biglia, rotola a casaccio | e piano piano svanisce sulle rocce | lasciando solo il segno di un vento pigro | \u00e8 cenere la semente che io lascio<\/p>\n<p><em><strong>Musica: Chopin &#8211; La goccia d&#8217;acqua<\/strong><\/em><\/p>\n","protected":false},"excerpt":{"rendered":"<p>l&#8217;\u00e8i c\u00e9ndro la som\u00e9nza del m\u00e8 \u00e8sser la sporcher\u00e0 de r\u00e0za tut la val lassando sol la n\u00f2t a darghe c\u00f2ntra se p\u00f2 se smorzer\u00e0 na luna muta la se scarmener\u00e0 su i pr\u00e0di \u00e0rsi come la n\u00e9o che sbianca le contrade pav\u00e8la gr\u00ecsa sora i qo\u00e8rti \u00e9rti na gr\u00f2la a cig\u00e0r fiss le s\u00f2 &hellip; <\/p>\n<p class=\"link-more\"><a href=\"https:\/\/www.diaolin.com\/wordpress\/?p=8179\" class=\"more-link\">Leggi tutto<span class=\"screen-reader-text\"> &#8220;c\u00e9ndro&#8230;&#8221;<\/span><\/a><\/p>\n","protected":false},"author":5,"featured_media":8180,"comment_status":"open","ping_status":"closed","sticky":false,"template":"","format":"standard","meta":{"footnotes":""},"categories":[3],"tags":[],"_links":{"self":[{"href":"https:\/\/www.diaolin.com\/wordpress\/index.php?rest_route=\/wp\/v2\/posts\/8179"}],"collection":[{"href":"https:\/\/www.diaolin.com\/wordpress\/index.php?rest_route=\/wp\/v2\/posts"}],"about":[{"href":"https:\/\/www.diaolin.com\/wordpress\/index.php?rest_route=\/wp\/v2\/types\/post"}],"author":[{"embeddable":true,"href":"https:\/\/www.diaolin.com\/wordpress\/index.php?rest_route=\/wp\/v2\/users\/5"}],"replies":[{"embeddable":true,"href":"https:\/\/www.diaolin.com\/wordpress\/index.php?rest_route=%2Fwp%2Fv2%2Fcomments&post=8179"}],"version-history":[{"count":4,"href":"https:\/\/www.diaolin.com\/wordpress\/index.php?rest_route=\/wp\/v2\/posts\/8179\/revisions"}],"predecessor-version":[{"id":8184,"href":"https:\/\/www.diaolin.com\/wordpress\/index.php?rest_route=\/wp\/v2\/posts\/8179\/revisions\/8184"}],"wp:featuredmedia":[{"embeddable":true,"href":"https:\/\/www.diaolin.com\/wordpress\/index.php?rest_route=\/wp\/v2\/media\/8180"}],"wp:attachment":[{"href":"https:\/\/www.diaolin.com\/wordpress\/index.php?rest_route=%2Fwp%2Fv2%2Fmedia&parent=8179"}],"wp:term":[{"taxonomy":"category","embeddable":true,"href":"https:\/\/www.diaolin.com\/wordpress\/index.php?rest_route=%2Fwp%2Fv2%2Fcategories&post=8179"},{"taxonomy":"post_tag","embeddable":true,"href":"https:\/\/www.diaolin.com\/wordpress\/index.php?rest_route=%2Fwp%2Fv2%2Ftags&post=8179"}],"curies":[{"name":"wp","href":"https:\/\/api.w.org\/{rel}","templated":true}]}}